{"id":477,"date":"2020-12-24T12:13:39","date_gmt":"2020-12-24T11:13:39","guid":{"rendered":"http:\/\/w2.atez.es\/?p=477"},"modified":"2020-12-24T12:23:19","modified_gmt":"2020-12-24T11:23:19","slug":"casa-rural-sagastietxea","status":"publish","type":"post","link":"http:\/\/www.atez.es\/es\/casa-rural-sagastietxea\/","title":{"rendered":"Casa rural Sagastietxea"},"content":{"rendered":"<p><strong>Sagastietxea 1 \/ Sagastietxea 2<\/strong><\/p>\n<hr \/>\n<p>Cada una de ellas consta de:<\/p>\n<p><strong>Planta baja:<\/strong><\/p>\n<div class=\"content\">\n<div class=\"content-outer\">\n<div class=\"fauxborder-left content-fauxborder-left\">\n<div class=\"content-inner\">\n<div class=\"main-outer\">\n<div class=\"fauxborder-left main-fauxborder-left\">\n<div class=\"region-inner main-inner\">\n<div class=\"columns fauxcolumns\">\n<div class=\"columns-inner\">\n<div class=\"column-center-outer\">\n<div class=\"column-center-inner\">\n<div id=\"main\" class=\"main section\">\n<div id=\"Blog1\" class=\"widget Blog\" data-version=\"1\">\n<div class=\"blog-posts hfeed\">\n<div class=\"date-outer\">\n<div class=\"date-posts\">\n<div class=\"post-outer\">\n<div class=\"post hentry\">\n<div id=\"post-body-768967114617432459\" class=\"post-body entry-content\">\n<div dir=\"ltr\">\n<div>\n<ul>\n<li>Cocina completamente equipada<\/li>\n<li>Sal\u00f3n \u2013 comedor con chimenea, TV y DVD<\/li>\n<li>Ba\u00f1o completo<\/li>\n<li>Terraza cubierta con salida a jard\u00edn<\/li>\n<li>500m2 de zona verde con muebles de exterior y barbacoa<\/li>\n<\/ul>\n<p><strong>Planta primera:<\/strong><\/p>\n<ul>\n<li>Cuatro habitaciones dobles (camas individuales), dos con salida a balc\u00f3n y dos ligeramente abuhardilladas<\/li>\n<li>Dos ba\u00f1os completos<\/li>\n<li>Peque\u00f1a zona de estar<\/li>\n<\/ul>\n<p><strong><i>Sabai<\/i> o \u00e1tico:<\/strong><\/p>\n<ul>\n<li>Una habitaci\u00f3n doble (cama de matrimonio)<\/li>\n<li>Una habitaci\u00f3n individual<\/li>\n<\/ul>\n<\/div>\n<div>Adem\u00e1s, las casas est\u00e1n decoradas con muebles antiguos y r\u00fasticos restaurados. Toda la planta primera y el <i>sabai<\/i> tiene el suelo de tarima de madera. Dispone de calefacci\u00f3n para todas las habitaciones y estancias, as\u00ed como ropa de cama y aseo.<\/div>\n<div><\/div>\n<\/div>\n<\/div>\n<\/div>\n<\/div>\n<\/div>\n<\/div>\n<\/div>\n<\/div>\n<\/div>\n<\/div>\n<\/div>\n<\/div>\n<\/div>\n<\/div>\n<\/div>\n<\/div>\n<\/div>\n<\/div>\n<\/div>\n<\/div>\n<div class=\"bloque class-col-xs-12\"><a href=\"#datuak\" class=\"bloque-tab\">Datos de contacto<\/a><div class=\"contenido-bloque\" id=\"datuak\" style=\"display: none;\"><\/p>\n<ul>\n<li>Direcci\u00f3n: Calle San Martin, 31193 Eguaras\/Navarra<\/li>\n<li>Tel\u00e9fono: 948 17 39 63 \/ Juan 669 24 02 36 \/ Ana 619 32 83 24<\/li>\n<li>Email: <a href=\"mailto:sagastietxea@gmail.com\">sagastietxea@gmail.com\u00a0<\/a><\/li>\n<li>Web: <a href=\"http:\/\/www.sagastietxea.net\/\">www.sagastietxea.net<\/a><\/li>\n<\/ul>\n<p><\/div><\/div>\n<p><a href=\"http:\/\/w2.atez.es\/wp-content\/uploads\/2020\/12\/sagastietxea.jpg\"><img loading=\"lazy\" decoding=\"async\" class=\"aligncenter wp-image-475\" src=\"http:\/\/w2.atez.es\/wp-content\/uploads\/2020\/12\/sagastietxea-1024x651.jpg\" alt=\"\" width=\"750\" height=\"477\" srcset=\"http:\/\/www.atez.es\/wp-content\/uploads\/2020\/12\/sagastietxea-1024x651.jpg 1024w, http:\/\/www.atez.es\/wp-content\/uploads\/2020\/12\/sagastietxea-300x191.jpg 300w, http:\/\/www.atez.es\/wp-content\/uploads\/2020\/12\/sagastietxea-768x488.jpg 768w, http:\/\/www.atez.es\/wp-content\/uploads\/2020\/12\/sagastietxea-780x496.jpg 780w, http:\/\/www.atez.es\/wp-content\/uploads\/2020\/12\/sagastietxea-180x114.jpg 180w, http:\/\/www.atez.es\/wp-content\/uploads\/2020\/12\/sagastietxea.jpg 1290w\" sizes=\"(max-width: 750px) 100vw, 750px\" \/><\/a><\/p>\n<p>&nbsp;<\/p>\n","protected":false},"excerpt":{"rendered":"<p>Sagastietxea 1 \/ Sagastietxea 2 Cada una de ellas consta de: Planta baja: Cocina completamente equipada Sal\u00f3n \u2013 comedor con chimenea, TV y DVD Ba\u00f1o completo Terraza cubierta con salida a jard\u00edn 500m2 de zona verde con muebles de exterior y barbacoa Planta primera: Cuatro habitaciones dobles (camas individuales), dos con salida a balc\u00f3n y [&hellip;]<\/p>\n","protected":false},"author":1,"featured_media":475,"comment_status":"closed","ping_status":"closed","sticky":false,"template":"","format":"standard","meta":{"footnotes":""},"categories":[17],"tags":[],"_links":{"self":[{"href":"http:\/\/www.atez.es\/es\/wp-json\/wp\/v2\/posts\/477"}],"collection":[{"href":"http:\/\/www.atez.es\/es\/wp-json\/wp\/v2\/posts"}],"about":[{"href":"http:\/\/www.atez.es\/es\/wp-json\/wp\/v2\/types\/post"}],"author":[{"embeddable":true,"href":"http:\/\/www.atez.es\/es\/wp-json\/wp\/v2\/users\/1"}],"replies":[{"embeddable":true,"href":"http:\/\/www.atez.es\/es\/wp-json\/wp\/v2\/comments?post=477"}],"version-history":[{"count":9,"href":"http:\/\/www.atez.es\/es\/wp-json\/wp\/v2\/posts\/477\/revisions"}],"predecessor-version":[{"id":492,"href":"http:\/\/www.atez.es\/es\/wp-json\/wp\/v2\/posts\/477\/revisions\/492"}],"wp:featuredmedia":[{"embeddable":true,"href":"http:\/\/www.atez.es\/es\/wp-json\/wp\/v2\/media\/475"}],"wp:attachment":[{"href":"http:\/\/www.atez.es\/es\/wp-json\/wp\/v2\/media?parent=477"}],"wp:term":[{"taxonomy":"category","embeddable":true,"href":"http:\/\/www.atez.es\/es\/wp-json\/wp\/v2\/categories?post=477"},{"taxonomy":"post_tag","embeddable":true,"href":"http:\/\/www.atez.es\/es\/wp-json\/wp\/v2\/tags?post=477"}],"curies":[{"name":"wp","href":"https:\/\/api.w.org\/{rel}","templated":true}]}}